{"id":2208,"date":"2023-11-03T01:06:56","date_gmt":"2023-11-03T01:06:56","guid":{"rendered":"https:\/\/www.mentorebank.com.br\/?p=2208"},"modified":"2023-11-03T01:06:56","modified_gmt":"2023-11-03T01:06:56","slug":"empresas-de-seguranca-privada-do-sudeste-debatem-avancos-impactos-da-alta-carga-tributaria-e-efeitos-da-reforma-trabalhista-no-setor","status":"publish","type":"post","link":"http:\/\/mentorebank-hml.mentore.co\/index.php\/empresas-de-seguranca-privada-do-sudeste-debatem-avancos-impactos-da-alta-carga-tributaria-e-efeitos-da-reforma-trabalhista-no-setor\/","title":{"rendered":"Empresas de Seguran\u00e7a Privada do Sudeste debatem avan\u00e7os, impactos da alta carga tribut\u00e1ria e efeitos da Reforma Trabalhista no setor"},"content":{"rendered":"\n<p class=\"wp-block-paragraph\">Terminou neste domingo, 27, no Rio de Janeiro, a programa\u00e7\u00e3o oficial do vig\u00e9simo segundo Enesp \u2013 Encontro das Empresas de Seguran\u00e7a Privada da Regi\u00e3o Sudeste. Especialistas e empres\u00e1rios debateram o cen\u00e1rio nacional pol\u00edtico e econ\u00f4mico com temas importantes para o setor que \u00e9 considerado um dos mais importantes do pa\u00eds. \u00a0\u00a0<\/p>\n\n\n\n<figure class=\"wp-block-image size-large\"><img fetchpriority=\"high\" decoding=\"async\" width=\"1024\" height=\"1024\" src=\"http:\/\/mentorebank-hml.mentore.co\/wp-content\/uploads\/2023\/11\/2023_09_enespe-1024x1024.jpg\" alt=\"\" class=\"wp-image-2209\" srcset=\"http:\/\/mentorebank-hml.mentore.co\/wp-content\/uploads\/2023\/11\/2023_09_enespe-1024x1024.jpg 1024w, http:\/\/mentorebank-hml.mentore.co\/wp-content\/uploads\/2023\/11\/2023_09_enespe-300x300.jpg 300w, http:\/\/mentorebank-hml.mentore.co\/wp-content\/uploads\/2023\/11\/2023_09_enespe-150x150.jpg 150w, http:\/\/mentorebank-hml.mentore.co\/wp-content\/uploads\/2023\/11\/2023_09_enespe-768x768.jpg 768w, http:\/\/mentorebank-hml.mentore.co\/wp-content\/uploads\/2023\/11\/2023_09_enespe.jpg 1080w\" sizes=\"(max-width: 1024px) 100vw, 1024px\" \/><\/figure>\n\n\n\n<p class=\"wp-block-paragraph\">Durante cinco dias, o Enesp Sudeste reuniu executivos, diretores, gerentes e administradores de empresas para discutir novas diretrizes que promovam o fortalecimento e o desenvolvimento da seguran\u00e7a privada brasileira. Entre os temas que foram debatidos est\u00e3o o impacto da alta carga tribut\u00e1ria no setor de servi\u00e7os e os efeitos da reforma trabalhista.<\/p>\n\n\n\n<p class=\"wp-block-paragraph\">Os &nbsp;parceiros do Enesp apresentaram &nbsp;diversas solu\u00e7\u00f5es em tecnologia para o desenvolvimento e fomento do setor. O M\u00eantore Bank apresentou sua expertise no evento e demonstrou como est\u00e1 revolucionando o ecossistema corporativo do Brasil. Representando o banco digital participaram do evento, S\u00e1vio Maia e Henrique Lyra. O CEO do M\u00eantore Bank, Vanderson Aquino, participou de uma plen\u00e1ria destacando o crescimento da plataforma, a expans\u00e3o do banco digital e as parcerias com grandes players do mercado como Veloe, Swile e Livelo que trazem solu\u00e7\u00f5es essenciais para o dia a dia das empresas e seus colaboradores.<\/p>\n\n\n\n<p class=\"wp-block-paragraph\">O ex-Jogador de v\u00f4lei da Sele\u00e7\u00e3o Brasileira e bicampe\u00e3o ol\u00edmpico Giovane G\u00e1vio, palestrante M\u00eantore Bank, falou sobre a alta performance no esporte e nos neg\u00f3cios. &nbsp;Com uma hist\u00f3ria vitoriosa no esporte mundial, ele abordou temas como desafio, supera\u00e7\u00e3o e motiva\u00e7\u00e3o.<\/p>\n\n\n\n<p class=\"wp-block-paragraph\">O Enesp da Regi\u00e3o Sudeste foi promovido pela Federa\u00e7\u00e3o Nacional das Empresas de Seguran\u00e7a e Transporte de Valores (Fenavist) e pelos sindicatos estaduais do Rio de Janeiro (Sindesp-RJ), S\u00e3o Paulo (SESVESP e SEMEESP), Minas Gerais (Sindesp-MG) e Esp\u00edrito Santo (Sindesp-ES).<\/p>\n\n\n\n<p class=\"wp-block-paragraph\">Fonte: <a href=\"https:\/\/jornaltribuna.com.br\/2023\/09\/empresas-de-seguranca-privada-do-sudeste-debatem-avancos-impactos-da-alta-carga-tributaria-e-efeitos-da-reforma-trabalhista-no-setor\/\" target=\"_blank\" rel=\"noreferrer noopener\">Jornal da Tribuna<\/a><\/p>\n","protected":false},"excerpt":{"rendered":"<p>Terminou neste domingo, 27, no Rio de Janeiro, a programa\u00e7\u00e3o oficial do vig\u00e9simo segundo Enesp \u2013 Encontro das Empresas de Seguran\u00e7a Privada da Regi\u00e3o Sudeste. Especialistas e empres\u00e1rios debateram o cen\u00e1rio nacional pol\u00edtico e econ\u00f4mico com temas importantes para o setor que \u00e9 considerado um dos mais importantes do pa\u00eds. \u00a0\u00a0 Durante cinco dias, o [&hellip;]<\/p>\n","protected":false},"author":2,"featured_media":2209,"comment_status":"closed","ping_status":"open","sticky":false,"template":"","format":"standard","meta":{"footnotes":""},"categories":[7,6],"tags":[],"class_list":["post-2208","post","type-post","status-publish","format-standard","has-post-thumbnail","hentry","category-evento","category-seguranca"],"_links":{"self":[{"href":"http:\/\/mentorebank-hml.mentore.co\/index.php\/wp-json\/wp\/v2\/posts\/2208","targetHints":{"allow":["GET"]}}],"collection":[{"href":"http:\/\/mentorebank-hml.mentore.co\/index.php\/wp-json\/wp\/v2\/posts"}],"about":[{"href":"http:\/\/mentorebank-hml.mentore.co\/index.php\/wp-json\/wp\/v2\/types\/post"}],"author":[{"embeddable":true,"href":"http:\/\/mentorebank-hml.mentore.co\/index.php\/wp-json\/wp\/v2\/users\/2"}],"replies":[{"embeddable":true,"href":"http:\/\/mentorebank-hml.mentore.co\/index.php\/wp-json\/wp\/v2\/comments?post=2208"}],"version-history":[{"count":0,"href":"http:\/\/mentorebank-hml.mentore.co\/index.php\/wp-json\/wp\/v2\/posts\/2208\/revisions"}],"wp:featuredmedia":[{"embeddable":true,"href":"http:\/\/mentorebank-hml.mentore.co\/index.php\/wp-json\/wp\/v2\/media\/2209"}],"wp:attachment":[{"href":"http:\/\/mentorebank-hml.mentore.co\/index.php\/wp-json\/wp\/v2\/media?parent=2208"}],"wp:term":[{"taxonomy":"category","embeddable":true,"href":"http:\/\/mentorebank-hml.mentore.co\/index.php\/wp-json\/wp\/v2\/categories?post=2208"},{"taxonomy":"post_tag","embeddable":true,"href":"http:\/\/mentorebank-hml.mentore.co\/index.php\/wp-json\/wp\/v2\/tags?post=2208"}],"curies":[{"name":"wp","href":"https:\/\/api.w.org\/{rel}","templated":true}]}}